{"id":133,"date":"2023-11-23T15:32:10","date_gmt":"2023-11-23T15:32:10","guid":{"rendered":"https:\/\/trekdinner-bremen.de\/?p=133"},"modified":"2024-04-17T07:08:44","modified_gmt":"2024-04-17T07:08:44","slug":"trekdinner-im-dezember-2023-und-januar-2024","status":"publish","type":"post","link":"https:\/\/trekdinner-bremen.de\/?p=133","title":{"rendered":"Trekdinner im Dezember 2023 und Januar 2024"},"content":{"rendered":"\n<p>Das n\u00e4chste Trekdinner ist unser legend\u00e4res Weihnachtsdinner am 02.12.2023. Wir freuen uns auf nette G\u00e4ste, die sich angek\u00fcndigt haben und ansonsten gilt: Same procedure as every year, James.<br><br>Das n\u00e4chste regul\u00e4re Trekdinner findet am 06.01.2024 dann wieder am gewohnten Ort, dem Shanghai in Bremen-Schwachhausen statt.<\/p>\n","protected":false},"excerpt":{"rendered":"<p>Das n\u00e4chste Trekdinner ist unser legend\u00e4res Weihnachtsdinner am 02.12.2023. Wir freuen uns auf nette G\u00e4ste, die sich angek\u00fcndigt haben und ansonsten gilt: Same procedure as every year, James. Das n\u00e4chste [&hellip;]<\/p>\n","protected":false},"author":1,"featured_media":0,"comment_status":"closed","ping_status":"open","sticky":false,"template":"","format":"standard","meta":{"footnotes":""},"categories":[1],"tags":[],"_links":{"self":[{"href":"https:\/\/trekdinner-bremen.de\/index.php?rest_route=\/wp\/v2\/posts\/133"}],"collection":[{"href":"https:\/\/trekdinner-bremen.de\/index.php?rest_route=\/wp\/v2\/posts"}],"about":[{"href":"https:\/\/trekdinner-bremen.de\/index.php?rest_route=\/wp\/v2\/types\/post"}],"author":[{"embeddable":true,"href":"https:\/\/trekdinner-bremen.de\/index.php?rest_route=\/wp\/v2\/users\/1"}],"replies":[{"embeddable":true,"href":"https:\/\/trekdinner-bremen.de\/index.php?rest_route=%2Fwp%2Fv2%2Fcomments&post=133"}],"version-history":[{"count":3,"href":"https:\/\/trekdinner-bremen.de\/index.php?rest_route=\/wp\/v2\/posts\/133\/revisions"}],"predecessor-version":[{"id":136,"href":"https:\/\/trekdinner-bremen.de\/index.php?rest_route=\/wp\/v2\/posts\/133\/revisions\/136"}],"wp:attachment":[{"href":"https:\/\/trekdinner-bremen.de\/index.php?rest_route=%2Fwp%2Fv2%2Fmedia&parent=133"}],"wp:term":[{"taxonomy":"category","embeddable":true,"href":"https:\/\/trekdinner-bremen.de\/index.php?rest_route=%2Fwp%2Fv2%2Fcategories&post=133"},{"taxonomy":"post_tag","embeddable":true,"href":"https:\/\/trekdinner-bremen.de\/index.php?rest_route=%2Fwp%2Fv2%2Ftags&post=133"}],"curies":[{"name":"wp","href":"https:\/\/api.w.org\/{rel}","templated":true}]}}